{"id":5191,"date":"2026-04-27T22:22:57","date_gmt":"2026-04-27T20:22:57","guid":{"rendered":"https:\/\/lebulbeaplumes.art\/?p=5191"},"modified":"2026-04-28T00:26:55","modified_gmt":"2026-04-27T22:26:55","slug":"le-prix-des-originaux","status":"publish","type":"post","link":"https:\/\/lebulbeaplumes.art\/index.php\/2026\/04\/27\/le-prix-des-originaux\/","title":{"rendered":"Le prix des originaux"},"content":{"rendered":"\n<p>D\u00e9finir le prix d\u2019un original est un casse-t\u00eate pour beaucoup d\u2019artistes et d\u2019artisans d\u2019art. Selon le regard de chacun et chacune, cela peut para\u00eetre d\u00e9raisonnable compte tenu de l\u2019utilit\u00e9, de la technique, du format, de la p\u00e9rennit\u00e9, de la renomm\u00e9e de l\u2019artiste ou encore du temps pass\u00e9, dans un sens comme dans l\u2019autre.<\/p>\n\n\n\n<p>Alors, o\u00f9 se situent mes prix&nbsp;? Et comment acqu\u00e9rir une \u0153uvre qui n\u2019est \u2018pas dans ses moyens\u2019&nbsp;?<\/p>\n\n\n\n<!--more-->\n\n\n\n<p>Le prix des \u0153uvres un sujet qu\u2019il est toujours difficile d\u2019aborder pour moi. J\u2019ai l\u2019impression de marcher sur des \u0153ufs\u2026 Entre les probl\u00e8mes de l\u00e9gitimit\u00e9, la connaissance ou la pr\u00e9somption des moyens financiers des personnes sensibles \u00e0 mon art, l\u2019affirmation de la valeur de ce que je propose, la volont\u00e9 que les \u0153uvres soient diffus\u00e9es largement et soient accessibles, la connaissance du march\u00e9 de l\u2019art, ma posture \u00e0 la crois\u00e9e entre l\u2019art, la th\u00e9rapie et la spiritualit\u00e9, la peur de sur-estimer mon travail ou au contraire de le d\u00e9valoriser et de passer soit pour orgueilleuse, soit pour amateure&#8230; j\u2019ai des difficult\u00e9s \u00e0 me positionner.<\/p>\n\n\n\n<p>En effet, je vends peu d\u2019originaux, alors m\u00eame qu\u2019ils sont en dessous du prix du march\u00e9 au vu de mon exp\u00e9rience. Mais je ne peux me permettre de les brader, ayant aussi besoin d\u2019argent pour vivre dans cette soci\u00e9t\u00e9 (sachant que je d\u00e9pense peu !) et de temps pour cr\u00e9er en conscience chacune de mes cr\u00e9ations.<\/p>\n\n\n\n<h2 class=\"wp-block-heading\">Comment d\u00e9finir ses prix<\/h2>\n\n\n\n<p>Il existe beaucoup de m\u00e9thodes, aucune ne r\u00e9pondant vraiment, selon moi, \u00e0 la question. <\/p>\n\n\n\n<p>Il y a notamment la m\u00e9thode de du \u00ab&nbsp;prix par points&nbsp;\u00bb, bas\u00e9 sur le format de l\u2019\u0153uvre et la c\u00f4te de l\u2019artiste. Mais cela ne prend pas du tout en compte le temps pass\u00e9 sur l\u2019\u0153uvre ni sa complexit\u00e9&nbsp;: je peux passer bien plus de temps sur une \u0153uvre de petite taille que sur un plus grand format.<\/p>\n\n\n\n<p>Il y a \u00e9galement la comparaison avec les prix pratiqu\u00e9s par des artistes ayant des techniques et savoir-faire que l\u2019on estime proches. Cela permet d\u2019avoir un tarif assez coh\u00e9rent dans l\u2019ensemble de \u2018l\u2019offre\u2019, mais cette m\u00e9thode tourne un peu sur elle-m\u00eame car les artistes se basent sur des artistes qui se basent sur des artistes (etc.)<\/p>\n\n\n\n<p>Il y a la technique utilis\u00e9e dans l\u2019artisanat, qui calcule le temps pass\u00e9, le co\u00fbt des mat\u00e9riaux, des charges fixes et de communication\/diffusion, etc. C\u2019est une m\u00e9thode d\u00e9j\u00e0 difficile \u00e0 appliquer en artisanat car cela donne un prix souvent trop \u00e9lev\u00e9 pour le march\u00e9, et encore plus pour les arts o\u00f9 nous ne faisons qu\u2019un seul exemplaire, sur lequel repose donc tous ces co\u00fbts.<\/p>\n\n\n\n<h2 class=\"wp-block-heading\">Comment je d\u00e9finis les prix de mes originaux<\/h2>\n\n\n\n<p>Je d\u00e9finis mes tarifs selon&nbsp;la combinaison de tous ces facteurs :<\/p>\n\n\n\n<ul class=\"wp-block-list\">\n<li>le support (toile, papier, bois et sa qualit\u00e9 et donc p\u00e9rennit\u00e9)<\/li>\n\n\n\n<li>le format<\/li>\n\n\n\n<li>la technique<\/li>\n\n\n\n<li>la complexit\u00e9 technique<\/li>\n\n\n\n<li>le temps de recherche n\u00e9cessaire<\/li>\n\n\n\n<li>l\u2019encadrement s\u2019il y en a un<\/li>\n<\/ul>\n\n\n\n<p>\u00c0 cela, j\u2019essaie d\u2019ajouter une dimension symbolique par les chiffres utilis\u00e9s. G\u00e9n\u00e9ralement mon calcul me fait parvenir \u00e0 une fourchette de prix, par exemple entre 300 et 350 \u20ac. Je regarde alors de quel nombre est proche la vibration de l\u2019\u0153uvre. Si elle vibre proche du 3, je la mets \u00e0 300 \u20ac. Si elle a une vibration s\u2019apparentant plus aux qualit\u00e9s du 4, je la proposerai \u00e0 310 \u20ac, etc. Sachant que mes \u0153uvres vibrent pour la plupart sur du 3, du 5, du 6, du 7, du 8 et du 9 (pour plus d\u2019infos sur la symbolique de ces nombres, je vous invite \u00e0 lire l\u2019<a href=\"https:\/\/lebulbeaplumes.art\/index.php\/2026\/02\/01\/annee-2026-le-debut-dun-nouveau-cycle\/\">article sur la nouvelle ann\u00e9e 2026<\/a>).<\/p>\n\n\n\n<blockquote class=\"wp-block-quote is-layout-flow wp-block-quote-is-layout-flow\">\n<p>Je pars de la plus petite et moins complexe de mes \u0153uvres (croquis crayon graphite sur papier 90g\/m\u00b2, format A5), pour d\u00e9terminer le prix le plus bas, puis j\u2019augmente progressivement. Cela peut donner des tarifs diff\u00e9rents pour des formats identiques, et des grands formats \u00e0 un prix plus bas que d\u2019autres plus petits.<\/p>\n<\/blockquote>\n\n\n\n<p>Je d\u00e9finis g\u00e9n\u00e9ralement deux prix&nbsp;:<\/p>\n\n\n\n<ul class=\"wp-block-list\">\n<li>un prix qui reste d\u00e9lib\u00e9r\u00e9ment assez bas, que je pourrais qualifier \u2018de base\u2019 car je souhaite que mes \u0153uvres puissent aussi nourrir des gens qui n\u2019ont pas les moyens des collectionneurs, ou leur permettre de commencer&nbsp;!<\/li>\n\n\n\n<li>et le prix \u2018normal\u2019<\/li>\n<\/ul>\n\n\n\n<p>Les deux seront affich\u00e9s sur ma boutique d\u00e8s qu\u2019elle sera en ligne. En exposition, cela d\u00e9pend du public du lieu&nbsp;: soit je n\u2019affiche que le premier (de base), soit j\u2019affiche les deux.<\/p>\n\n\n\n<p>\u00c0 cela s\u2019ajoute la possibilit\u00e9 de m\u2019offrir un soutien&nbsp;:<\/p>\n\n\n\n<ul class=\"wp-block-list\">\n<li>financier, par les plateformes <a href=\"https:\/\/fr.tipeee.com\/le-bulbe-a-plumes\">Tipeee<\/a> et <a href=\"https:\/\/ko-fi.com\/lebulbeaplumes\">Ko-Fi<\/a> sur lesquelles j\u2019ai des comptes, ou bient\u00f4t via la boutique en ligne.<\/li>\n\n\n\n<li>moral en me faisant part de vos retours, me disant ce que vous apporte les \u0153uvres<\/li>\n\n\n\n<li>de communication et de diffusion, en parlant de moi, me faisant conna\u00eetre \u00e0 vos amis, relations, me mettant en relation avec d\u2019\u00e9ventuels futurs partenaires&#8230;<\/li>\n<\/ul>\n\n\n\n<blockquote class=\"wp-block-quote is-layout-flow wp-block-quote-is-layout-flow\">\n<p>Je propose \u00e9galement<strong>diff\u00e9rentes possibilit\u00e9s pour permettre \u00e0 de petits budgets, qu\u2019ils soient habituels ou occasionnels,<\/strong> d\u2019acqu\u00e9rir une \u0153uvre originale. <\/p>\n<\/blockquote>\n\n\n\n<p>Je vous en dis plus \u00e0 ce sujet un peu plus bas, car d\u2019abord je voudrais vous parler de l\u2019encadrement.<\/p>\n\n\n\n<h2 class=\"wp-block-heading\">L\u2019encadrement<\/h2>\n\n\n\n<p>L\u2019encadrement est souvent un sujet assez paradoxal&nbsp;: la plupart des gens souhaitent une \u0153uvre encadr\u00e9e et ainsi \u2018pr\u00eate \u00e0 \u00eatre accroch\u00e9e\u2019, mais n\u2019a pas la notion du co\u00fbt d\u2019un encadrement et ne souhaitent pas l\u2019assumer.<\/p>\n\n\n\n<p>Pour mes originaux, je souhaite un encadrement de qualit\u00e9, et donc relativement cher. Et ce co\u00fbt s\u2019ajoute \u00e0 celui de l\u2019original, ainsi que le temps d\u2019encadrement (m\u00eame si en r\u00e9alit\u00e9 je ne le compte pas). Car ce n\u2019est pas \u00e0 l\u2019artiste d\u2019assumer le co\u00fbt d\u2019un encadrement.<\/p>\n\n\n\n<p>La plupart de mes \u0153uvres encadr\u00e9es le sont par mes soins, soient dans des cadres de tailles standards achet\u00e9s dans des magasins de fournitures de beaux-arts, soient faits sur-mesure par un \u00e9b\u00e9niste dans des bois choisis pour s\u2019accorder au mieux \u00e0 l\u2019illustration.<\/p>\n\n\n\n<blockquote class=\"wp-block-quote is-layout-flow wp-block-quote-is-layout-flow\">\n<p>Je les encadre sans verre ni polycarbonate, pour que rien n\u2019alt\u00e8re la vibration des couleurs entre l\u2019\u0153uvre et l\u2019\u0153il de celui ou celle qui la regarde.<\/p>\n<\/blockquote>\n\n\n\n<p>Ma seule exception concerne les croquis ou dessins effectu\u00e9s sur des papiers fins et trop fragiles selon moi pour \u00eatre ainsi expos\u00e9s.<\/p>\n\n\n\n<p>Je propose \u00e9galement d&rsquo;autres originaux non encadr\u00e9s, et cherche actuellement comment exposer ces \u0153uvres avec des encadrements &lsquo;de d\u00e9monstration&rsquo; et d\u00e9montables.<\/p>\n\n\n\n<h2 class=\"wp-block-heading\">\u00ab&nbsp;C\u2019est trop cher&nbsp;\u00bb vs \u00ab&nbsp;Ce n\u2019est pas dans mes moyens actuels&nbsp;\u00bb<\/h2>\n\n\n\n<p>\u00ab&nbsp;C\u2019est trop cher&nbsp;\u00bb est une remarque que beaucoup d\u2019artistes et artisans entendent r\u00e9guli\u00e8rement de la part de clients potentiels, alors que les autres artistes et galeristes leur disent plut\u00f4t&nbsp;: \u00ab&nbsp;Ce n\u2019est pas assez cher&nbsp;\u00bb&nbsp;!<\/p>\n\n\n\n<p>Lors de ma derni\u00e8re exposition en date, quelqu\u2019un a affirm\u00e9 au propri\u00e9taire des lieux que mes originaux \u00e9taient \u2018chers\u2019. Celui-ci (merci \u00e0 lui!) lui a fait remarquer que la r\u00e9alisation de ces \u0153uvres \u00e9tait mon m\u00e9tier&nbsp;: mettait-il en doute le taux horaire de son plombier ou m\u00e9canicien&nbsp;? Mettait-il en doute la ma\u00eetrise technique et le travail n\u00e9cessaires pour r\u00e9aliser cette \u0153uvre&nbsp;? Heureusement pour moi, sa r\u00e9ponse a \u00e9t\u00e9 qu\u2019effectivement, vu comme cela, \u00e7a les valait largement.<\/p>\n\n\n\n<p>Je pense que cette r\u00e9action peut venir de plusieurs facteurs, combin\u00e9s ou non&nbsp;:<\/p>\n\n\n\n<ol class=\"wp-block-list\">\n<li>une m\u00e9connaissance du temps n\u00e9cessaire \u00e0 la cr\u00e9ation d\u2019une \u0153uvre (qui n\u2019est pas la m\u00eame selon les artistes), \u00e0 la recherche, \u00e0 la ma\u00eetrise des techniques, etc.<\/li>\n\n\n\n<li>une vision de l\u2019art d\u00e9voy\u00e9e dans notre soci\u00e9t\u00e9, comme \u00e9tant du hobby, non-n\u00e9cessaire, pas un vrai m\u00e9tier, etc. d\u2019autant plus avec l\u2019\u00e9mergence de l\u2019intelligence artifielle.<\/li>\n\n\n\n<li>une fa\u00e7on de dire que ce n\u2019est pas dans nos moyens financiers (mais qu\u2019on aurait bien aim\u00e9 !)<\/li>\n<\/ol>\n\n\n\n<p>Si c\u2019est une remarque que vous vous fa\u00eetes \u00e9galement \u00e0 propos de mes illustrations ou de l\u2019art en g\u00e9n\u00e9ral&nbsp;:<\/p>\n\n\n\n<ul class=\"wp-block-list\">\n<li>Si cela vient du facteur 1, je vous invite \u00e0 lire <a href=\"https:\/\/lebulbeaplumes.art\/index.php\/creations-dillustrations\/\">mon process, expliqu\u00e9 en bas de la page d\u00e9di\u00e9e \u00e0 la cr\u00e9ation d\u2019illustration<\/a> pour vous faire une id\u00e9e du temps n\u00e9cessaire \u00e0 la cr\u00e9ation d\u2019une illustration.<\/li>\n\n\n\n<li>Si cela vient du facteur 2, je ferai s\u00fbrement un article sur le sujet, mais je pense qu\u2019en vous promenant sur ce site et en lisant les diff\u00e9rents textes, vous aurez un aper\u00e7u de ce que peuvent apporter mes illustrations et l\u2019art en g\u00e9n\u00e9ral.<\/li>\n\n\n\n<li>Si cela vient du facteur 3, on continue juste en dessous&nbsp;!<\/li>\n<\/ul>\n\n\n\n<h2 class=\"wp-block-heading\">Acheter une \u0153uvre qui n\u2019est pas dans ses moyens<\/h2>\n\n\n\n<p>Eh oui, c\u2019est peut-\u00eatre possible&nbsp;!<br>En tout cas s\u2019il s\u2019agit d\u2019une de mes \u0153uvres.<\/p>\n\n\n\n<p>Pour les tous petits budgets, il y a d\u00e9j\u00e0 la <strong>possibilit\u00e9 d\u2019acheter une reproduction de cette \u0153uvre<\/strong>, sous forme de carte postale, marque-page, tirage Fine-Art, carnet de notes\u2026 si elle est disponible sous cette forme (\u00e9tant sous le statut d\u2019artiste-auteur, je ne peux reproduire mes \u0153uvres qu\u2019en s\u00e9ries limit\u00e9es).<\/p>\n\n\n\n<p>Ensuite, il y a la possibilit\u00e9 de <strong>payer l\u2019\u0153uvre originale en plusieurs fois<\/strong>, voire de <strong>la louer pour un temps d\u00e9fini<\/strong> (avec une caution de la valeur de l\u2019\u0153uvre en cas de d\u00e9gradation).<\/p>\n\n\n\n<p>Il y a \u00e9galement la possibilit\u00e9 d\u2019<strong>acqu\u00e9rir une \u0153uvre originale en \u00e9change de service, d\u2019un co\u00fbt \u00e9quivalent, professionnel et qui r\u00e9pond \u00e0 un de mes besoins<\/strong>. Par exemple (liste non exhaustive)&nbsp;:<\/p>\n\n\n\n<ul class=\"wp-block-list\">\n<li>travail d\u2019agent, de diffuseur (pour les illustrations, les textes \u2013 romans, nouvelles, po\u00e8mes \u2013 , les repr\u00e9sentations de mes \u0153uvres, &#8230;)<\/li>\n\n\n\n<li>shooting photos de mes \u0153uvres pour boutique en ligne, communication, diffusion<\/li>\n\n\n\n<li>mat\u00e9riel et\/ou coaching pour la photographie de mes \u0153uvres<\/li>\n\n\n\n<li>tenue de la boutique en ligne (quand elle sera en ligne)<\/li>\n\n\n\n<li>mat\u00e9riel et\/ou coaching pour prise de vid\u00e9o de mes \u0153uvres (illustration, mise en \u0153uvre, spectacles\u2026)<\/li>\n\n\n\n<li>prise de vid\u00e9o\/shooting photo lors d\u2019une de mes repr\u00e9sentations publiques<\/li>\n\n\n\n<li>reproductions Fine Art de mes illustrations<\/li>\n\n\n\n<li>impressions haute qualit\u00e9<\/li>\n\n\n\n<li>formation \u00e0 des techniques de dessins\/peinture (calligraphie latine, h\u00e9braIque, arabe, feuille d\u2019or, moku hanga\u2026)&nbsp;; de cr\u00e9ation de peinture (pigments, aquarelles\u2026)&nbsp;; de cr\u00e9ation de carnet<\/li>\n\n\n\n<li>mat\u00e9riel de beaux-art de qualit\u00e9 et neuf (papiers, pigments, pinceaux, feutres, encres, gouges&#8230;)<\/li>\n<\/ul>\n\n\n\n<p>Et des choses plus personnelles (idem, de m\u00eame valeur, de qualit\u00e9 et au co\u00fbt \u00e9quivalent)&nbsp;:<\/p>\n\n\n\n<ul class=\"wp-block-list\">\n<li>nourriture vegan, bio et naturelle<\/li>\n\n\n\n<li>divers travaux (selon les besoins du moment)<\/li>\n\n\n\n<li>livres de psychologie, spiritualit\u00e9, mythologie, l\u00e9gendes\u2026<\/li>\n\n\n\n<li>s\u00e9ances de th\u00e9rapie humaniste<\/li>\n<\/ul>\n\n\n\n<blockquote class=\"wp-block-quote is-layout-flow wp-block-quote-is-layout-flow\">\n<p>En r\u00e9sum\u00e9, l&rsquo;acquisition d&rsquo;une \u0153uvre originale n&rsquo;est pas r\u00e9serv\u00e9 \u00e0 quelques-uns ! Il y a possibilit\u00e9 de payer en plusieurs fois, de louer l&rsquo;\u0153uvre, voire de la payer par un service dont j&rsquo;ai besoin et de valeur \u00e9quivalente.<\/p>\n<\/blockquote>\n\n\n\n<h4 class=\"wp-block-heading\">Si vous \u00eates dans un de ces cas, contactez-moi&nbsp;!<br>Et si vous avez d\u2019autres id\u00e9es ou remarques, je serai heureuse de les entendre \ud83d\ude42<\/h4>\n","protected":false},"excerpt":{"rendered":"<p>D\u00e9finir le prix d\u2019un original est un casse-t\u00eate pour beaucoup d\u2019artistes et d\u2019artisans d\u2019art. Selon le regard de chacun et chacune, cela peut para\u00eetre d\u00e9raisonnable compte tenu de l\u2019utilit\u00e9, de la technique, du format, de la p\u00e9rennit\u00e9, de la renomm\u00e9e de l\u2019artiste ou encore du temps pass\u00e9, dans un sens comme dans l\u2019autre. Alors, o\u00f9 &hellip; <\/p>\n","protected":false},"author":1,"featured_media":5195,"comment_status":"closed","ping_status":"closed","sticky":false,"template":"","format":"standard","meta":{"jetpack_post_was_ever_published":false,"_jetpack_newsletter_access":"","_jetpack_dont_email_post_to_subs":false,"_jetpack_newsletter_tier_id":0,"_jetpack_memberships_contains_paywalled_content":false,"_jetpack_memberships_contains_paid_content":false,"footnotes":""},"categories":[59],"tags":[29,28,69],"class_list":["post-5191","post","type-post","status-publish","format-standard","has-post-thumbnail","hentry","category-blog","tag-exposition","tag-illustration","tag-tarifs"],"jetpack_featured_media_url":"https:\/\/lebulbeaplumes.art\/wp-content\/uploads\/2026\/04\/IMG_20240811_102512.jpg","jetpack_sharing_enabled":true,"_links":{"self":[{"href":"https:\/\/lebulbeaplumes.art\/index.php\/wp-json\/wp\/v2\/posts\/5191","targetHints":{"allow":["GET"]}}],"collection":[{"href":"https:\/\/lebulbeaplumes.art\/index.php\/wp-json\/wp\/v2\/posts"}],"about":[{"href":"https:\/\/lebulbeaplumes.art\/index.php\/wp-json\/wp\/v2\/types\/post"}],"author":[{"embeddable":true,"href":"https:\/\/lebulbeaplumes.art\/index.php\/wp-json\/wp\/v2\/users\/1"}],"replies":[{"embeddable":true,"href":"https:\/\/lebulbeaplumes.art\/index.php\/wp-json\/wp\/v2\/comments?post=5191"}],"version-history":[{"count":10,"href":"https:\/\/lebulbeaplumes.art\/index.php\/wp-json\/wp\/v2\/posts\/5191\/revisions"}],"predecessor-version":[{"id":5206,"href":"https:\/\/lebulbeaplumes.art\/index.php\/wp-json\/wp\/v2\/posts\/5191\/revisions\/5206"}],"wp:featuredmedia":[{"embeddable":true,"href":"https:\/\/lebulbeaplumes.art\/index.php\/wp-json\/wp\/v2\/media\/5195"}],"wp:attachment":[{"href":"https:\/\/lebulbeaplumes.art\/index.php\/wp-json\/wp\/v2\/media?parent=5191"}],"wp:term":[{"taxonomy":"category","embeddable":true,"href":"https:\/\/lebulbeaplumes.art\/index.php\/wp-json\/wp\/v2\/categories?post=5191"},{"taxonomy":"post_tag","embeddable":true,"href":"https:\/\/lebulbeaplumes.art\/index.php\/wp-json\/wp\/v2\/tags?post=5191"}],"curies":[{"name":"wp","href":"https:\/\/api.w.org\/{rel}","templated":true}]}}