{"id":1762,"date":"2023-05-19T23:20:55","date_gmt":"2023-05-19T21:20:55","guid":{"rendered":"https:\/\/lebulbeaplumes.art\/?p=1762"},"modified":"2025-03-16T00:06:23","modified_gmt":"2025-03-15T23:06:23","slug":"les-vitrines-qui-parlent-2023","status":"publish","type":"post","link":"https:\/\/lebulbeaplumes.art\/index.php\/2023\/05\/19\/les-vitrines-qui-parlent-2023\/","title":{"rendered":"Retour sur les \u00ab\u00a0Vitrines qui Parlent\u00a0\u00bb : Art et Danse \u00e0 Ambert"},"content":{"rendered":"\n<p>Du 12 au 14 mai 2023, j\u2019ai eu la joie de participer aux Vitrines qui Parlent, organis\u00e9es \u00e0 Ambert par <a rel=\"noreferrer noopener\" href=\"https:\/\/www.lebief.org\/\" data-type=\"URL\" data-id=\"https:\/\/www.lebief.org\/\" target=\"_blank\">le Bief<\/a> qui a fait un superbe travail, surtout vu le peu de moyens dont ils disposaient.<br>Petit bilan et photos souvenirs&nbsp;!<\/p>\n\n\n\n<!--more-->\n\n\n\n<p>Apr\u00e8s pr\u00e8s de 3 ans sans faire d\u2019exposition, j\u2019ai ressorti mes illustrations, peintures et objets en papier pour transformer une boutique vide en mon atelier, le temps d\u2019un week-end.<\/p>\n\n\n\n<p>Avant :<\/p>\n\n\n\n<div class=\"wp-block-jetpack-tiled-gallery aligncenter is-style-rectangular\"><div class=\"\"><div class=\"tiled-gallery__gallery\"><div class=\"tiled-gallery__row\"><div class=\"tiled-gallery__col\" style=\"flex-basis:50.00000%\"><figure class=\"tiled-gallery__item\"><img decoding=\"async\" srcset=\"https:\/\/i0.wp.com\/lebulbeaplumes.art\/wp-content\/uploads\/2023\/05\/IMG_4213-1-1024x768.jpg?strip=info&#038;w=600&#038;ssl=1 600w,https:\/\/i0.wp.com\/lebulbeaplumes.art\/wp-content\/uploads\/2023\/05\/IMG_4213-1-1024x768.jpg?strip=info&#038;w=900&#038;ssl=1 900w,https:\/\/i0.wp.com\/lebulbeaplumes.art\/wp-content\/uploads\/2023\/05\/IMG_4213-1-1024x768.jpg?strip=info&#038;w=1200&#038;ssl=1 1200w,https:\/\/i0.wp.com\/lebulbeaplumes.art\/wp-content\/uploads\/2023\/05\/IMG_4213-1-1024x768.jpg?strip=info&#038;w=1500&#038;ssl=1 1500w,https:\/\/i0.wp.com\/lebulbeaplumes.art\/wp-content\/uploads\/2023\/05\/IMG_4213-1-1024x768.jpg?strip=info&#038;w=1800&#038;ssl=1 1800w,https:\/\/i0.wp.com\/lebulbeaplumes.art\/wp-content\/uploads\/2023\/05\/IMG_4213-1-1024x768.jpg?strip=info&#038;w=2000&#038;ssl=1 2000w\" alt=\"\" data-height=\"1920\" data-id=\"1765\" data-link=\"https:\/\/lebulbeaplumes.art\/?attachment_id=1765\" data-url=\"https:\/\/lebulbeaplumes.art\/wp-content\/uploads\/2023\/05\/IMG_4213-1-1024x768.jpg\" data-width=\"2560\" src=\"https:\/\/i0.wp.com\/lebulbeaplumes.art\/wp-content\/uploads\/2023\/05\/IMG_4213-1-1024x768.jpg?ssl=1\" data-amp-layout=\"responsive\" tabindex=\"0\" role=\"button\" aria-label=\"Ouvrir l\u2019image 1 sur 2 en plein \u00e9cran\"\/><\/figure><\/div><div class=\"tiled-gallery__col\" style=\"flex-basis:50.00000%\"><figure class=\"tiled-gallery__item\"><img decoding=\"async\" srcset=\"https:\/\/i0.wp.com\/lebulbeaplumes.art\/wp-content\/uploads\/2023\/05\/IMG_4212-1024x768.jpg?strip=info&#038;w=600&#038;ssl=1 600w,https:\/\/i0.wp.com\/lebulbeaplumes.art\/wp-content\/uploads\/2023\/05\/IMG_4212-1024x768.jpg?strip=info&#038;w=900&#038;ssl=1 900w,https:\/\/i0.wp.com\/lebulbeaplumes.art\/wp-content\/uploads\/2023\/05\/IMG_4212-1024x768.jpg?strip=info&#038;w=1200&#038;ssl=1 1200w,https:\/\/i0.wp.com\/lebulbeaplumes.art\/wp-content\/uploads\/2023\/05\/IMG_4212-1024x768.jpg?strip=info&#038;w=1500&#038;ssl=1 1500w,https:\/\/i0.wp.com\/lebulbeaplumes.art\/wp-content\/uploads\/2023\/05\/IMG_4212-1024x768.jpg?strip=info&#038;w=1800&#038;ssl=1 1800w,https:\/\/i0.wp.com\/lebulbeaplumes.art\/wp-content\/uploads\/2023\/05\/IMG_4212-1024x768.jpg?strip=info&#038;w=2000&#038;ssl=1 2000w\" alt=\"\" data-height=\"1920\" data-id=\"1763\" data-link=\"https:\/\/lebulbeaplumes.art\/?attachment_id=1763\" data-url=\"https:\/\/lebulbeaplumes.art\/wp-content\/uploads\/2023\/05\/IMG_4212-1024x768.jpg\" data-width=\"2560\" src=\"https:\/\/i0.wp.com\/lebulbeaplumes.art\/wp-content\/uploads\/2023\/05\/IMG_4212-1024x768.jpg?ssl=1\" data-amp-layout=\"responsive\" tabindex=\"0\" role=\"button\" aria-label=\"Ouvrir l\u2019image 2 sur 2 en plein \u00e9cran\"\/><\/figure><\/div><\/div><\/div><\/div><\/div>\n\n\n\n<p><\/p>\n\n\n\n<p>Apr\u00e8s :<\/p>\n\n\n\n<div class=\"wp-block-jetpack-tiled-gallery aligncenter is-style-rectangular\"><div class=\"\"><div class=\"tiled-gallery__gallery\"><div class=\"tiled-gallery__row\"><div class=\"tiled-gallery__col\" style=\"flex-basis:66.77402%\"><figure class=\"tiled-gallery__item\"><img decoding=\"async\" srcset=\"https:\/\/i0.wp.com\/lebulbeaplumes.art\/wp-content\/uploads\/2023\/05\/IMG_20230514_151553-1024x768.jpg?strip=info&#038;w=600&#038;ssl=1 600w,https:\/\/i0.wp.com\/lebulbeaplumes.art\/wp-content\/uploads\/2023\/05\/IMG_20230514_151553-1024x768.jpg?strip=info&#038;w=900&#038;ssl=1 900w,https:\/\/i0.wp.com\/lebulbeaplumes.art\/wp-content\/uploads\/2023\/05\/IMG_20230514_151553-1024x768.jpg?strip=info&#038;w=1200&#038;ssl=1 1200w,https:\/\/i0.wp.com\/lebulbeaplumes.art\/wp-content\/uploads\/2023\/05\/IMG_20230514_151553-1024x768.jpg?strip=info&#038;w=1500&#038;ssl=1 1500w,https:\/\/i0.wp.com\/lebulbeaplumes.art\/wp-content\/uploads\/2023\/05\/IMG_20230514_151553-1024x768.jpg?strip=info&#038;w=1800&#038;ssl=1 1800w,https:\/\/i0.wp.com\/lebulbeaplumes.art\/wp-content\/uploads\/2023\/05\/IMG_20230514_151553-1024x768.jpg?strip=info&#038;w=2000&#038;ssl=1 2000w\" alt=\"Le Bulbe \u00e0 Plumes - cAro - Les Vitrines qui Parlent Ambert 2023\" data-height=\"1536\" data-id=\"1768\" data-link=\"https:\/\/lebulbeaplumes.art\/index.php\/2023\/05\/19\/les-vitrines-qui-parlent-2023\/img_20230514_151553\/\" data-url=\"https:\/\/lebulbeaplumes.art\/wp-content\/uploads\/2023\/05\/IMG_20230514_151553-1024x768.jpg\" data-width=\"2048\" src=\"https:\/\/i0.wp.com\/lebulbeaplumes.art\/wp-content\/uploads\/2023\/05\/IMG_20230514_151553-1024x768.jpg?ssl=1\" data-amp-layout=\"responsive\" tabindex=\"0\" role=\"button\" aria-label=\"Ouvrir l\u2019image 1 sur 4 en plein \u00e9cran\"\/><\/figure><\/div><div class=\"tiled-gallery__col\" style=\"flex-basis:33.22598%\"><figure class=\"tiled-gallery__item\"><img decoding=\"async\" srcset=\"https:\/\/i0.wp.com\/lebulbeaplumes.art\/wp-content\/uploads\/2023\/05\/IMG_20230513_134524-1024x768.jpg?strip=info&#038;w=600&#038;ssl=1 600w,https:\/\/i0.wp.com\/lebulbeaplumes.art\/wp-content\/uploads\/2023\/05\/IMG_20230513_134524-1024x768.jpg?strip=info&#038;w=900&#038;ssl=1 900w,https:\/\/i0.wp.com\/lebulbeaplumes.art\/wp-content\/uploads\/2023\/05\/IMG_20230513_134524-1024x768.jpg?strip=info&#038;w=1200&#038;ssl=1 1200w,https:\/\/i0.wp.com\/lebulbeaplumes.art\/wp-content\/uploads\/2023\/05\/IMG_20230513_134524-1024x768.jpg?strip=info&#038;w=1500&#038;ssl=1 1500w,https:\/\/i0.wp.com\/lebulbeaplumes.art\/wp-content\/uploads\/2023\/05\/IMG_20230513_134524-1024x768.jpg?strip=info&#038;w=1800&#038;ssl=1 1800w,https:\/\/i0.wp.com\/lebulbeaplumes.art\/wp-content\/uploads\/2023\/05\/IMG_20230513_134524-1024x768.jpg?strip=info&#038;w=2000&#038;ssl=1 2000w\" alt=\"Le Bulbe \u00e0 Plumes - cAro - Les Vitrines qui Parlent Ambert 2023\" data-height=\"1536\" data-id=\"1766\" data-link=\"https:\/\/lebulbeaplumes.art\/index.php\/2023\/05\/19\/les-vitrines-qui-parlent-2023\/img_20230513_134524\/\" data-url=\"https:\/\/lebulbeaplumes.art\/wp-content\/uploads\/2023\/05\/IMG_20230513_134524-1024x768.jpg\" data-width=\"2048\" src=\"https:\/\/i0.wp.com\/lebulbeaplumes.art\/wp-content\/uploads\/2023\/05\/IMG_20230513_134524-1024x768.jpg?ssl=1\" data-amp-layout=\"responsive\" tabindex=\"0\" role=\"button\" aria-label=\"Ouvrir l\u2019image 2 sur 4 en plein \u00e9cran\"\/><\/figure><figure class=\"tiled-gallery__item\"><img decoding=\"async\" srcset=\"https:\/\/i0.wp.com\/lebulbeaplumes.art\/wp-content\/uploads\/2023\/05\/IMG_20230513_134433-1024x768.jpg?strip=info&#038;w=600&#038;ssl=1 600w,https:\/\/i0.wp.com\/lebulbeaplumes.art\/wp-content\/uploads\/2023\/05\/IMG_20230513_134433-1024x768.jpg?strip=info&#038;w=900&#038;ssl=1 900w,https:\/\/i0.wp.com\/lebulbeaplumes.art\/wp-content\/uploads\/2023\/05\/IMG_20230513_134433-1024x768.jpg?strip=info&#038;w=1200&#038;ssl=1 1200w,https:\/\/i0.wp.com\/lebulbeaplumes.art\/wp-content\/uploads\/2023\/05\/IMG_20230513_134433-1024x768.jpg?strip=info&#038;w=1500&#038;ssl=1 1500w,https:\/\/i0.wp.com\/lebulbeaplumes.art\/wp-content\/uploads\/2023\/05\/IMG_20230513_134433-1024x768.jpg?strip=info&#038;w=1800&#038;ssl=1 1800w,https:\/\/i0.wp.com\/lebulbeaplumes.art\/wp-content\/uploads\/2023\/05\/IMG_20230513_134433-1024x768.jpg?strip=info&#038;w=2000&#038;ssl=1 2000w\" alt=\"Le Bulbe \u00e0 Plumes - cAro - Les Vitrines qui Parlent Ambert 2023\" data-height=\"1536\" data-id=\"1799\" data-link=\"https:\/\/lebulbeaplumes.art\/index.php\/2023\/05\/19\/les-vitrines-qui-parlent-2023\/img_20230513_134433\/\" data-url=\"https:\/\/lebulbeaplumes.art\/wp-content\/uploads\/2023\/05\/IMG_20230513_134433-1024x768.jpg\" data-width=\"2048\" src=\"https:\/\/i0.wp.com\/lebulbeaplumes.art\/wp-content\/uploads\/2023\/05\/IMG_20230513_134433-1024x768.jpg?ssl=1\" data-amp-layout=\"responsive\" tabindex=\"0\" role=\"button\" aria-label=\"Ouvrir l\u2019image 3 sur 4 en plein \u00e9cran\"\/><\/figure><\/div><\/div><div class=\"tiled-gallery__row\"><div class=\"tiled-gallery__col\" style=\"flex-basis:100.00000%\"><figure class=\"tiled-gallery__item\"><img decoding=\"async\" srcset=\"https:\/\/i0.wp.com\/lebulbeaplumes.art\/wp-content\/uploads\/2023\/05\/IMG_20230513_134408-1024x768.jpg?strip=info&#038;w=600&#038;ssl=1 600w,https:\/\/i0.wp.com\/lebulbeaplumes.art\/wp-content\/uploads\/2023\/05\/IMG_20230513_134408-1024x768.jpg?strip=info&#038;w=900&#038;ssl=1 900w,https:\/\/i0.wp.com\/lebulbeaplumes.art\/wp-content\/uploads\/2023\/05\/IMG_20230513_134408-1024x768.jpg?strip=info&#038;w=1200&#038;ssl=1 1200w,https:\/\/i0.wp.com\/lebulbeaplumes.art\/wp-content\/uploads\/2023\/05\/IMG_20230513_134408-1024x768.jpg?strip=info&#038;w=1500&#038;ssl=1 1500w,https:\/\/i0.wp.com\/lebulbeaplumes.art\/wp-content\/uploads\/2023\/05\/IMG_20230513_134408-1024x768.jpg?strip=info&#038;w=1800&#038;ssl=1 1800w,https:\/\/i0.wp.com\/lebulbeaplumes.art\/wp-content\/uploads\/2023\/05\/IMG_20230513_134408-1024x768.jpg?strip=info&#038;w=2000&#038;ssl=1 2000w\" alt=\"Le Bulbe \u00e0 Plumes - cAro - Les Vitrines qui Parlent Ambert 2023\" data-height=\"1536\" data-id=\"1767\" data-link=\"https:\/\/lebulbeaplumes.art\/index.php\/2023\/05\/19\/les-vitrines-qui-parlent-2023\/img_20230513_134408\/\" data-url=\"https:\/\/lebulbeaplumes.art\/wp-content\/uploads\/2023\/05\/IMG_20230513_134408-1024x768.jpg\" data-width=\"2048\" src=\"https:\/\/i0.wp.com\/lebulbeaplumes.art\/wp-content\/uploads\/2023\/05\/IMG_20230513_134408-1024x768.jpg?ssl=1\" data-amp-layout=\"responsive\" tabindex=\"0\" role=\"button\" aria-label=\"Ouvrir l\u2019image 4 sur 4 en plein \u00e9cran\"\/><\/figure><\/div><\/div><\/div><\/div><\/div>\n\n\n\n<p><\/p>\n\n\n\n<p>Cela nous a fait un bien fou, \u00e0 elles et \u00e0 moi, et aussi aux visiteurs d\u2019apr\u00e8s leurs retours&nbsp;!<\/p>\n\n\n\n<p>Il faut dire que le th\u00e8me de cette \u00e9dition des Vitrines qui Parlent me correspondait plut\u00f4t bien&nbsp;: la danse et le mouvement. Cela m\u2019a \u00e9galement rappel\u00e9 les \u00e9v\u00e8nements que nous organisions avec <a rel=\"noreferrer noopener\" href=\"http:\/\/www.artribunord.com\/\" data-type=\"URL\" data-id=\"http:\/\/www.artribunord.com\/\" target=\"_blank\">ArTribu<\/a> dans le Nord, avec ce beau m\u00e9lange de danse et d\u2019illustrations, arts plastiques et photos que nous avons v\u00e9cu tout le week-end\u2026 j\u2019\u00e9tais dans mon \u00e9l\u00e9ment&nbsp;!<\/p>\n\n\n\n<p>Pour l\u2019occasion :<\/p>\n\n\n\n<ul class=\"wp-block-list\">\n<li>des danseuses et danseurs professionnels du territoire ont form\u00e9 le collectif \u00ab\u00a0Aquarium\u00a0\u00bb et ont investi les rues et vitrines vides pour faire vibrer ce week-end, multipliant les performances et les spectacles, invitant les spectateurs \u00e0 participer plus ou moins activement, dans le partage, l\u2019\u00e9coute et le respect. <\/li>\n<\/ul>\n\n\n\n<ul class=\"wp-block-list\">\n<li>Les jeunes de l\u2019association des Amis de la Danse d&rsquo;Ambert ont fait une d\u00e9monstration des chor\u00e9graphies de leur spectacle devant la galerie l\u2019Inclusive. <\/li>\n<\/ul>\n\n\n\n<ul class=\"wp-block-list\">\n<li>Un bal a \u00e9t\u00e9 organis\u00e9 par le Bief samedi soir sur la Place des Minimes. Des spectacles de danse ont ponctu\u00e9 le week-end dans les salles de la ville. <\/li>\n<\/ul>\n\n\n\n<ul class=\"wp-block-list\">\n<li>Une performance m\u00ealant dessin et danse (\u00ab\u00a0Traces\u00a0\u00bb) a \u00e9t\u00e9 propos\u00e9 au public. <\/li>\n<\/ul>\n\n\n\n<ul class=\"wp-block-list\">\n<li>Un concert de musique cr\u00e9\u00e9e \u00e0 partir de pi\u00e8ces m\u00e9caniques a eu lieu en pleine rue. <a href=\"https:\/\/radiosupeyres.org\/\" data-type=\"URL\" data-id=\"https:\/\/radiosupeyres.org\/\" target=\"_blank\" rel=\"noreferrer noopener\">Radio Supeyre<\/a> interviewait organisateurs, participants et spectateurs, et diffusait de la musique. <\/li>\n<\/ul>\n\n\n\n<ul class=\"wp-block-list\">\n<li>Nous \u00e9tions sept artistes-peintres et photographes \u00e0 investir les vitrines. <\/li>\n<\/ul>\n\n\n\n<ul class=\"wp-block-list\">\n<li>Le Bief avait sorti une partie de son artoth\u00e8que pour l\u2019exposer. <\/li>\n<\/ul>\n\n\n\n<ul class=\"wp-block-list\">\n<li>Un conteur racontait la danse. <\/li>\n<\/ul>\n\n\n\n<ul class=\"wp-block-list\">\n<li>Une visite avec casque audio faisait parler les vitrines, racontant histoires et anecdotes. <\/li>\n<\/ul>\n\n\n\n<ul class=\"wp-block-list\">\n<li>Un photographe proposait des portraits \u00e0 l\u2019ancienne, au collodion humide\u2026 <\/li>\n<\/ul>\n\n\n\n<p>Et les visiteurs ont r\u00e9pondu pr\u00e9sents, malgr\u00e9 le temps changeant, allant de l\u2019averse aux rayons de soleil, en passant par la \u00ab\u00a0pur\u00e9e de pois\u00a0\u00bb\u00a0!<\/p>\n\n\n\n<p><\/p>\n\n\n\n<div class=\"wp-block-jetpack-tiled-gallery aligncenter is-style-rectangular\"><div class=\"\"><div class=\"tiled-gallery__gallery\"><div class=\"tiled-gallery__row\"><div class=\"tiled-gallery__col\" style=\"flex-basis:52.77021%\"><figure class=\"tiled-gallery__item\"><img decoding=\"async\" srcset=\"https:\/\/i0.wp.com\/lebulbeaplumes.art\/wp-content\/uploads\/2023\/05\/IMG_20230513_134610-768x1024.jpg?strip=info&#038;w=600&#038;ssl=1 600w,https:\/\/i0.wp.com\/lebulbeaplumes.art\/wp-content\/uploads\/2023\/05\/IMG_20230513_134610-768x1024.jpg?strip=info&#038;w=900&#038;ssl=1 900w,https:\/\/i0.wp.com\/lebulbeaplumes.art\/wp-content\/uploads\/2023\/05\/IMG_20230513_134610-768x1024.jpg?strip=info&#038;w=1200&#038;ssl=1 1200w,https:\/\/i0.wp.com\/lebulbeaplumes.art\/wp-content\/uploads\/2023\/05\/IMG_20230513_134610-768x1024.jpg?strip=info&#038;w=1500&#038;ssl=1 1500w,https:\/\/i0.wp.com\/lebulbeaplumes.art\/wp-content\/uploads\/2023\/05\/IMG_20230513_134610-768x1024.jpg?strip=info&#038;w=1536&#038;ssl=1 1536w\" alt=\"Le Bulbe \u00e0 Plumes - cAro - Les Vitrines qui Parlent Ambert 2023 - Exposition - Nature\" data-height=\"2048\" data-id=\"1783\" data-link=\"https:\/\/lebulbeaplumes.art\/index.php\/2023\/05\/19\/les-vitrines-qui-parlent-2023\/img_20230513_134610\/\" data-url=\"https:\/\/lebulbeaplumes.art\/wp-content\/uploads\/2023\/05\/IMG_20230513_134610-768x1024.jpg\" data-width=\"1536\" src=\"https:\/\/i0.wp.com\/lebulbeaplumes.art\/wp-content\/uploads\/2023\/05\/IMG_20230513_134610-768x1024.jpg?ssl=1\" data-amp-layout=\"responsive\" tabindex=\"0\" role=\"button\" aria-label=\"Ouvrir l\u2019image 1 sur 16 en plein \u00e9cran\"\/><\/figure><\/div><div class=\"tiled-gallery__col\" style=\"flex-basis:47.22979%\"><figure class=\"tiled-gallery__item\"><img decoding=\"async\" srcset=\"https:\/\/i0.wp.com\/lebulbeaplumes.art\/wp-content\/uploads\/2023\/05\/Capture-de%CC%81cran-2023-05-18-a%CC%80-19.17.55-687x1024.png?strip=info&#038;w=600&#038;ssl=1 600w,https:\/\/i0.wp.com\/lebulbeaplumes.art\/wp-content\/uploads\/2023\/05\/Capture-de%CC%81cran-2023-05-18-a%CC%80-19.17.55-687x1024.png?strip=info&#038;w=702&#038;ssl=1 702w\" alt=\"Collectif Aquarium - Les Vitrines qui Parlent Ambert 2023 - danse\" data-height=\"1046\" data-id=\"1772\" data-link=\"https:\/\/lebulbeaplumes.art\/index.php\/2023\/05\/19\/les-vitrines-qui-parlent-2023\/capture-decran-2023-05-18-a-19-17-55\/\" data-url=\"https:\/\/lebulbeaplumes.art\/wp-content\/uploads\/2023\/05\/Capture-de\u0301cran-2023-05-18-a\u0300-19.17.55-687x1024.png\" data-width=\"702\" src=\"https:\/\/i0.wp.com\/lebulbeaplumes.art\/wp-content\/uploads\/2023\/05\/Capture-de%CC%81cran-2023-05-18-a%CC%80-19.17.55-687x1024.png?ssl=1\" data-amp-layout=\"responsive\" tabindex=\"0\" role=\"button\" aria-label=\"Ouvrir l\u2019image 2 sur 16 en plein \u00e9cran\"\/><\/figure><\/div><\/div><div class=\"tiled-gallery__row\"><div class=\"tiled-gallery__col\" style=\"flex-basis:63.96477%\"><figure class=\"tiled-gallery__item\"><img decoding=\"async\" srcset=\"https:\/\/i0.wp.com\/lebulbeaplumes.art\/wp-content\/uploads\/2023\/05\/IMG_20230513_134850-1024x768.jpg?strip=info&#038;w=600&#038;ssl=1 600w,https:\/\/i0.wp.com\/lebulbeaplumes.art\/wp-content\/uploads\/2023\/05\/IMG_20230513_134850-1024x768.jpg?strip=info&#038;w=900&#038;ssl=1 900w,https:\/\/i0.wp.com\/lebulbeaplumes.art\/wp-content\/uploads\/2023\/05\/IMG_20230513_134850-1024x768.jpg?strip=info&#038;w=1200&#038;ssl=1 1200w,https:\/\/i0.wp.com\/lebulbeaplumes.art\/wp-content\/uploads\/2023\/05\/IMG_20230513_134850-1024x768.jpg?strip=info&#038;w=1500&#038;ssl=1 1500w,https:\/\/i0.wp.com\/lebulbeaplumes.art\/wp-content\/uploads\/2023\/05\/IMG_20230513_134850-1024x768.jpg?strip=info&#038;w=1800&#038;ssl=1 1800w,https:\/\/i0.wp.com\/lebulbeaplumes.art\/wp-content\/uploads\/2023\/05\/IMG_20230513_134850-1024x768.jpg?strip=info&#038;w=2000&#038;ssl=1 2000w\" alt=\"Le Bulbe \u00e0 Plumes - cAro - Les Vitrines qui Parlent Ambert 2023 - Exposition\" data-height=\"1536\" data-id=\"1787\" data-link=\"https:\/\/lebulbeaplumes.art\/index.php\/2023\/05\/19\/les-vitrines-qui-parlent-2023\/img_20230513_134850\/\" data-url=\"https:\/\/lebulbeaplumes.art\/wp-content\/uploads\/2023\/05\/IMG_20230513_134850-1024x768.jpg\" data-width=\"2048\" src=\"https:\/\/i0.wp.com\/lebulbeaplumes.art\/wp-content\/uploads\/2023\/05\/IMG_20230513_134850-1024x768.jpg?ssl=1\" data-amp-layout=\"responsive\" tabindex=\"0\" role=\"button\" aria-label=\"Ouvrir l\u2019image 3 sur 16 en plein \u00e9cran\"\/><\/figure><\/div><div class=\"tiled-gallery__col\" style=\"flex-basis:36.03523%\"><figure class=\"tiled-gallery__item\"><img decoding=\"async\" srcset=\"https:\/\/i0.wp.com\/lebulbeaplumes.art\/wp-content\/uploads\/2023\/05\/IMG_20230514_151616-768x1024.jpg?strip=info&#038;w=600&#038;ssl=1 600w,https:\/\/i0.wp.com\/lebulbeaplumes.art\/wp-content\/uploads\/2023\/05\/IMG_20230514_151616-768x1024.jpg?strip=info&#038;w=900&#038;ssl=1 900w,https:\/\/i0.wp.com\/lebulbeaplumes.art\/wp-content\/uploads\/2023\/05\/IMG_20230514_151616-768x1024.jpg?strip=info&#038;w=1200&#038;ssl=1 1200w,https:\/\/i0.wp.com\/lebulbeaplumes.art\/wp-content\/uploads\/2023\/05\/IMG_20230514_151616-768x1024.jpg?strip=info&#038;w=1500&#038;ssl=1 1500w,https:\/\/i0.wp.com\/lebulbeaplumes.art\/wp-content\/uploads\/2023\/05\/IMG_20230514_151616-768x1024.jpg?strip=info&#038;w=1536&#038;ssl=1 1536w\" alt=\"Le Bulbe \u00e0 Plumes - cAro - Les Vitrines qui Parlent Ambert 2023 - Exposition - Danseuse\" data-height=\"2048\" data-id=\"1791\" data-link=\"https:\/\/lebulbeaplumes.art\/index.php\/2023\/05\/19\/les-vitrines-qui-parlent-2023\/img_20230514_151616\/\" data-url=\"https:\/\/lebulbeaplumes.art\/wp-content\/uploads\/2023\/05\/IMG_20230514_151616-768x1024.jpg\" data-width=\"1536\" src=\"https:\/\/i0.wp.com\/lebulbeaplumes.art\/wp-content\/uploads\/2023\/05\/IMG_20230514_151616-768x1024.jpg?ssl=1\" data-amp-layout=\"responsive\" tabindex=\"0\" role=\"button\" aria-label=\"Ouvrir l\u2019image 4 sur 16 en plein \u00e9cran\"\/><\/figure><\/div><\/div><div class=\"tiled-gallery__row\"><div class=\"tiled-gallery__col\" style=\"flex-basis:30.84169%\"><figure class=\"tiled-gallery__item\"><img decoding=\"async\" srcset=\"https:\/\/i0.wp.com\/lebulbeaplumes.art\/wp-content\/uploads\/2023\/05\/Capture-de%CC%81cran-2023-05-18-a%CC%80-19.14.50-685x1024.png?strip=info&#038;w=600&#038;ssl=1 600w,https:\/\/i0.wp.com\/lebulbeaplumes.art\/wp-content\/uploads\/2023\/05\/Capture-de%CC%81cran-2023-05-18-a%CC%80-19.14.50-685x1024.png?strip=info&#038;w=864&#038;ssl=1 864w\" alt=\"Collectif Aquarium - Les Vitrines qui Parlent Ambert 2023 - danse\" data-height=\"1292\" data-id=\"1771\" data-link=\"https:\/\/lebulbeaplumes.art\/index.php\/2023\/05\/19\/les-vitrines-qui-parlent-2023\/capture-decran-2023-05-18-a-19-14-50\/\" data-url=\"https:\/\/lebulbeaplumes.art\/wp-content\/uploads\/2023\/05\/Capture-de\u0301cran-2023-05-18-a\u0300-19.14.50-685x1024.png\" data-width=\"864\" src=\"https:\/\/i0.wp.com\/lebulbeaplumes.art\/wp-content\/uploads\/2023\/05\/Capture-de%CC%81cran-2023-05-18-a%CC%80-19.14.50-685x1024.png?ssl=1\" data-amp-layout=\"responsive\" tabindex=\"0\" role=\"button\" aria-label=\"Ouvrir l\u2019image 5 sur 16 en plein \u00e9cran\"\/><\/figure><\/div><div class=\"tiled-gallery__col\" style=\"flex-basis:34.57915%\"><figure class=\"tiled-gallery__item\"><img decoding=\"async\" srcset=\"https:\/\/i0.wp.com\/lebulbeaplumes.art\/wp-content\/uploads\/2023\/05\/IMG_20230511_121624-768x1024.jpg?strip=info&#038;w=600&#038;ssl=1 600w,https:\/\/i0.wp.com\/lebulbeaplumes.art\/wp-content\/uploads\/2023\/05\/IMG_20230511_121624-768x1024.jpg?strip=info&#038;w=900&#038;ssl=1 900w,https:\/\/i0.wp.com\/lebulbeaplumes.art\/wp-content\/uploads\/2023\/05\/IMG_20230511_121624-768x1024.jpg?strip=info&#038;w=1200&#038;ssl=1 1200w,https:\/\/i0.wp.com\/lebulbeaplumes.art\/wp-content\/uploads\/2023\/05\/IMG_20230511_121624-768x1024.jpg?strip=info&#038;w=1500&#038;ssl=1 1500w,https:\/\/i0.wp.com\/lebulbeaplumes.art\/wp-content\/uploads\/2023\/05\/IMG_20230511_121624-768x1024.jpg?strip=info&#038;w=1536&#038;ssl=1 1536w\" alt=\"Le Bulbe \u00e0 Plumes - cAro - Les Vitrines qui Parlent Ambert 2023 - Personnage dansant - Work in progress\" data-height=\"2048\" data-id=\"1777\" data-link=\"https:\/\/lebulbeaplumes.art\/index.php\/2023\/05\/19\/les-vitrines-qui-parlent-2023\/img_20230511_121624\/\" data-url=\"https:\/\/lebulbeaplumes.art\/wp-content\/uploads\/2023\/05\/IMG_20230511_121624-768x1024.jpg\" data-width=\"1536\" src=\"https:\/\/i0.wp.com\/lebulbeaplumes.art\/wp-content\/uploads\/2023\/05\/IMG_20230511_121624-768x1024.jpg?ssl=1\" data-amp-layout=\"responsive\" tabindex=\"0\" role=\"button\" aria-label=\"Ouvrir l\u2019image 6 sur 16 en plein \u00e9cran\"\/><\/figure><\/div><div class=\"tiled-gallery__col\" style=\"flex-basis:34.57915%\"><figure class=\"tiled-gallery__item\"><img decoding=\"async\" srcset=\"https:\/\/i0.wp.com\/lebulbeaplumes.art\/wp-content\/uploads\/2023\/05\/IMG_20230513_134707-768x1024.jpg?strip=info&#038;w=600&#038;ssl=1 600w,https:\/\/i0.wp.com\/lebulbeaplumes.art\/wp-content\/uploads\/2023\/05\/IMG_20230513_134707-768x1024.jpg?strip=info&#038;w=900&#038;ssl=1 900w,https:\/\/i0.wp.com\/lebulbeaplumes.art\/wp-content\/uploads\/2023\/05\/IMG_20230513_134707-768x1024.jpg?strip=info&#038;w=1200&#038;ssl=1 1200w,https:\/\/i0.wp.com\/lebulbeaplumes.art\/wp-content\/uploads\/2023\/05\/IMG_20230513_134707-768x1024.jpg?strip=info&#038;w=1500&#038;ssl=1 1500w,https:\/\/i0.wp.com\/lebulbeaplumes.art\/wp-content\/uploads\/2023\/05\/IMG_20230513_134707-768x1024.jpg?strip=info&#038;w=1536&#038;ssl=1 1536w\" alt=\"Le Bulbe \u00e0 Plumes - cAro - Les Vitrines qui Parlent Ambert 2023 - Exposition - Gravure - Illustration\" data-height=\"2048\" data-id=\"1785\" data-link=\"https:\/\/lebulbeaplumes.art\/index.php\/2023\/05\/19\/les-vitrines-qui-parlent-2023\/img_20230513_134707\/\" data-url=\"https:\/\/lebulbeaplumes.art\/wp-content\/uploads\/2023\/05\/IMG_20230513_134707-768x1024.jpg\" data-width=\"1536\" src=\"https:\/\/i0.wp.com\/lebulbeaplumes.art\/wp-content\/uploads\/2023\/05\/IMG_20230513_134707-768x1024.jpg?ssl=1\" data-amp-layout=\"responsive\" tabindex=\"0\" role=\"button\" aria-label=\"Ouvrir l\u2019image 7 sur 16 en plein \u00e9cran\"\/><\/figure><\/div><\/div><div class=\"tiled-gallery__row\"><div class=\"tiled-gallery__col\" style=\"flex-basis:60.01060%\"><figure class=\"tiled-gallery__item\"><img decoding=\"async\" srcset=\"https:\/\/i0.wp.com\/lebulbeaplumes.art\/wp-content\/uploads\/2023\/05\/IMG_20230513_134803-1024x768.jpg?strip=info&#038;w=600&#038;ssl=1 600w,https:\/\/i0.wp.com\/lebulbeaplumes.art\/wp-content\/uploads\/2023\/05\/IMG_20230513_134803-1024x768.jpg?strip=info&#038;w=900&#038;ssl=1 900w,https:\/\/i0.wp.com\/lebulbeaplumes.art\/wp-content\/uploads\/2023\/05\/IMG_20230513_134803-1024x768.jpg?strip=info&#038;w=1200&#038;ssl=1 1200w,https:\/\/i0.wp.com\/lebulbeaplumes.art\/wp-content\/uploads\/2023\/05\/IMG_20230513_134803-1024x768.jpg?strip=info&#038;w=1500&#038;ssl=1 1500w,https:\/\/i0.wp.com\/lebulbeaplumes.art\/wp-content\/uploads\/2023\/05\/IMG_20230513_134803-1024x768.jpg?strip=info&#038;w=1800&#038;ssl=1 1800w,https:\/\/i0.wp.com\/lebulbeaplumes.art\/wp-content\/uploads\/2023\/05\/IMG_20230513_134803-1024x768.jpg?strip=info&#038;w=2000&#038;ssl=1 2000w\" alt=\"Le Bulbe \u00e0 Plumes - cAro - Les Vitrines qui Parlent Ambert 2023 - Nu - Femme - Modele vivant\" data-height=\"1536\" data-id=\"1786\" data-link=\"https:\/\/lebulbeaplumes.art\/index.php\/2023\/05\/19\/les-vitrines-qui-parlent-2023\/img_20230513_134803\/\" data-url=\"https:\/\/lebulbeaplumes.art\/wp-content\/uploads\/2023\/05\/IMG_20230513_134803-1024x768.jpg\" data-width=\"2048\" src=\"https:\/\/i0.wp.com\/lebulbeaplumes.art\/wp-content\/uploads\/2023\/05\/IMG_20230513_134803-1024x768.jpg?ssl=1\" data-amp-layout=\"responsive\" tabindex=\"0\" role=\"button\" aria-label=\"Ouvrir l\u2019image 8 sur 16 en plein \u00e9cran\"\/><\/figure><\/div><div class=\"tiled-gallery__col\" style=\"flex-basis:39.98940%\"><figure class=\"tiled-gallery__item\"><img decoding=\"async\" srcset=\"https:\/\/i0.wp.com\/lebulbeaplumes.art\/wp-content\/uploads\/2023\/05\/Capture-de%CC%81cran-2023-05-18-a%CC%80-19.10.13-909x1024.png?strip=info&#038;w=600&#038;ssl=1 600w,https:\/\/i0.wp.com\/lebulbeaplumes.art\/wp-content\/uploads\/2023\/05\/Capture-de%CC%81cran-2023-05-18-a%CC%80-19.10.13-909x1024.png?strip=info&#038;w=900&#038;ssl=1 900w,https:\/\/i0.wp.com\/lebulbeaplumes.art\/wp-content\/uploads\/2023\/05\/Capture-de%CC%81cran-2023-05-18-a%CC%80-19.10.13-909x1024.png?strip=info&#038;w=994&#038;ssl=1 994w\" alt=\"Collectif Aquarium - Les Vitrines qui Parlent Ambert 2023 - danse\" data-height=\"1120\" data-id=\"1769\" data-link=\"https:\/\/lebulbeaplumes.art\/index.php\/2023\/05\/19\/les-vitrines-qui-parlent-2023\/capture-decran-2023-05-18-a-19-10-13\/\" data-url=\"https:\/\/lebulbeaplumes.art\/wp-content\/uploads\/2023\/05\/Capture-de\u0301cran-2023-05-18-a\u0300-19.10.13-909x1024.png\" data-width=\"994\" src=\"https:\/\/i0.wp.com\/lebulbeaplumes.art\/wp-content\/uploads\/2023\/05\/Capture-de%CC%81cran-2023-05-18-a%CC%80-19.10.13-909x1024.png?ssl=1\" data-amp-layout=\"responsive\" tabindex=\"0\" role=\"button\" aria-label=\"Ouvrir l\u2019image 9 sur 16 en plein \u00e9cran\"\/><\/figure><\/div><\/div><div class=\"tiled-gallery__row\"><div class=\"tiled-gallery__col\" style=\"flex-basis:34.71885%\"><figure class=\"tiled-gallery__item\"><img decoding=\"async\" srcset=\"https:\/\/i0.wp.com\/lebulbeaplumes.art\/wp-content\/uploads\/2023\/05\/IMG_20230513_134556-768x1024.jpg?strip=info&#038;w=600&#038;ssl=1 600w,https:\/\/i0.wp.com\/lebulbeaplumes.art\/wp-content\/uploads\/2023\/05\/IMG_20230513_134556-768x1024.jpg?strip=info&#038;w=900&#038;ssl=1 900w,https:\/\/i0.wp.com\/lebulbeaplumes.art\/wp-content\/uploads\/2023\/05\/IMG_20230513_134556-768x1024.jpg?strip=info&#038;w=1200&#038;ssl=1 1200w,https:\/\/i0.wp.com\/lebulbeaplumes.art\/wp-content\/uploads\/2023\/05\/IMG_20230513_134556-768x1024.jpg?strip=info&#038;w=1500&#038;ssl=1 1500w,https:\/\/i0.wp.com\/lebulbeaplumes.art\/wp-content\/uploads\/2023\/05\/IMG_20230513_134556-768x1024.jpg?strip=info&#038;w=1536&#038;ssl=1 1536w\" alt=\"Le Bulbe \u00e0 Plumes - cAro - Les Vitrines qui Parlent Ambert 2023 - Mod\u00e8le vivant - Nature - Illustration - Femme\" data-height=\"2048\" data-id=\"1782\" data-link=\"https:\/\/lebulbeaplumes.art\/index.php\/2023\/05\/19\/les-vitrines-qui-parlent-2023\/img_20230513_134556\/\" data-url=\"https:\/\/lebulbeaplumes.art\/wp-content\/uploads\/2023\/05\/IMG_20230513_134556-768x1024.jpg\" data-width=\"1536\" src=\"https:\/\/i0.wp.com\/lebulbeaplumes.art\/wp-content\/uploads\/2023\/05\/IMG_20230513_134556-768x1024.jpg?ssl=1\" data-amp-layout=\"responsive\" tabindex=\"0\" role=\"button\" aria-label=\"Ouvrir l\u2019image 10 sur 16 en plein \u00e9cran\"\/><\/figure><\/div><div class=\"tiled-gallery__col\" style=\"flex-basis:30.56230%\"><figure class=\"tiled-gallery__item\"><img decoding=\"async\" srcset=\"https:\/\/i0.wp.com\/lebulbeaplumes.art\/wp-content\/uploads\/2023\/05\/IMG_20230513_135030-1024x768.jpg?strip=info&#038;w=600&#038;ssl=1 600w,https:\/\/i0.wp.com\/lebulbeaplumes.art\/wp-content\/uploads\/2023\/05\/IMG_20230513_135030-1024x768.jpg?strip=info&#038;w=900&#038;ssl=1 900w,https:\/\/i0.wp.com\/lebulbeaplumes.art\/wp-content\/uploads\/2023\/05\/IMG_20230513_135030-1024x768.jpg?strip=info&#038;w=1200&#038;ssl=1 1200w,https:\/\/i0.wp.com\/lebulbeaplumes.art\/wp-content\/uploads\/2023\/05\/IMG_20230513_135030-1024x768.jpg?strip=info&#038;w=1500&#038;ssl=1 1500w,https:\/\/i0.wp.com\/lebulbeaplumes.art\/wp-content\/uploads\/2023\/05\/IMG_20230513_135030-1024x768.jpg?strip=info&#038;w=1800&#038;ssl=1 1800w,https:\/\/i0.wp.com\/lebulbeaplumes.art\/wp-content\/uploads\/2023\/05\/IMG_20230513_135030-1024x768.jpg?strip=info&#038;w=2000&#038;ssl=1 2000w\" alt=\"Le Bulbe \u00e0 Plumes - cAro - Les Vitrines qui Parlent Ambert 2023 - Pieds - Feetbruary - Crampe\" data-height=\"1536\" data-id=\"1789\" data-link=\"https:\/\/lebulbeaplumes.art\/index.php\/2023\/05\/19\/les-vitrines-qui-parlent-2023\/img_20230513_135030\/\" data-url=\"https:\/\/lebulbeaplumes.art\/wp-content\/uploads\/2023\/05\/IMG_20230513_135030-1024x768.jpg\" data-width=\"2048\" src=\"https:\/\/i0.wp.com\/lebulbeaplumes.art\/wp-content\/uploads\/2023\/05\/IMG_20230513_135030-1024x768.jpg?ssl=1\" data-amp-layout=\"responsive\" tabindex=\"0\" role=\"button\" aria-label=\"Ouvrir l\u2019image 11 sur 16 en plein \u00e9cran\"\/><\/figure><figure class=\"tiled-gallery__item\"><img decoding=\"async\" srcset=\"https:\/\/i0.wp.com\/lebulbeaplumes.art\/wp-content\/uploads\/2023\/05\/IMG_20230513_134642-1024x768.jpg?strip=info&#038;w=600&#038;ssl=1 600w,https:\/\/i0.wp.com\/lebulbeaplumes.art\/wp-content\/uploads\/2023\/05\/IMG_20230513_134642-1024x768.jpg?strip=info&#038;w=900&#038;ssl=1 900w,https:\/\/i0.wp.com\/lebulbeaplumes.art\/wp-content\/uploads\/2023\/05\/IMG_20230513_134642-1024x768.jpg?strip=info&#038;w=1200&#038;ssl=1 1200w,https:\/\/i0.wp.com\/lebulbeaplumes.art\/wp-content\/uploads\/2023\/05\/IMG_20230513_134642-1024x768.jpg?strip=info&#038;w=1500&#038;ssl=1 1500w,https:\/\/i0.wp.com\/lebulbeaplumes.art\/wp-content\/uploads\/2023\/05\/IMG_20230513_134642-1024x768.jpg?strip=info&#038;w=1800&#038;ssl=1 1800w,https:\/\/i0.wp.com\/lebulbeaplumes.art\/wp-content\/uploads\/2023\/05\/IMG_20230513_134642-1024x768.jpg?strip=info&#038;w=2000&#038;ssl=1 2000w\" alt=\"Le Bulbe \u00e0 Plumes - cAro - Les Vitrines qui Parlent Ambert 2023 - Exposition\" data-height=\"1536\" data-id=\"1784\" data-link=\"https:\/\/lebulbeaplumes.art\/index.php\/2023\/05\/19\/les-vitrines-qui-parlent-2023\/img_20230513_134642\/\" data-url=\"https:\/\/lebulbeaplumes.art\/wp-content\/uploads\/2023\/05\/IMG_20230513_134642-1024x768.jpg\" data-width=\"2048\" src=\"https:\/\/i0.wp.com\/lebulbeaplumes.art\/wp-content\/uploads\/2023\/05\/IMG_20230513_134642-1024x768.jpg?ssl=1\" data-amp-layout=\"responsive\" tabindex=\"0\" role=\"button\" aria-label=\"Ouvrir l\u2019image 12 sur 16 en plein \u00e9cran\"\/><\/figure><\/div><div class=\"tiled-gallery__col\" style=\"flex-basis:34.71885%\"><figure class=\"tiled-gallery__item\"><img decoding=\"async\" srcset=\"https:\/\/i0.wp.com\/lebulbeaplumes.art\/wp-content\/uploads\/2023\/05\/IMG_20230514_172103-768x1024.jpg?strip=info&#038;w=600&#038;ssl=1 600w,https:\/\/i0.wp.com\/lebulbeaplumes.art\/wp-content\/uploads\/2023\/05\/IMG_20230514_172103-768x1024.jpg?strip=info&#038;w=900&#038;ssl=1 900w,https:\/\/i0.wp.com\/lebulbeaplumes.art\/wp-content\/uploads\/2023\/05\/IMG_20230514_172103-768x1024.jpg?strip=info&#038;w=1200&#038;ssl=1 1200w,https:\/\/i0.wp.com\/lebulbeaplumes.art\/wp-content\/uploads\/2023\/05\/IMG_20230514_172103-768x1024.jpg?strip=info&#038;w=1500&#038;ssl=1 1500w,https:\/\/i0.wp.com\/lebulbeaplumes.art\/wp-content\/uploads\/2023\/05\/IMG_20230514_172103-768x1024.jpg?strip=info&#038;w=1536&#038;ssl=1 1536w\" alt=\"Collectif Aquarium - Les Vitrines qui Parlent Ambert 2023 - danse\" data-height=\"2048\" data-id=\"1794\" data-link=\"https:\/\/lebulbeaplumes.art\/index.php\/2023\/05\/19\/les-vitrines-qui-parlent-2023\/img_20230514_172103\/\" data-url=\"https:\/\/lebulbeaplumes.art\/wp-content\/uploads\/2023\/05\/IMG_20230514_172103-768x1024.jpg\" data-width=\"1536\" src=\"https:\/\/i0.wp.com\/lebulbeaplumes.art\/wp-content\/uploads\/2023\/05\/IMG_20230514_172103-768x1024.jpg?ssl=1\" data-amp-layout=\"responsive\" tabindex=\"0\" role=\"button\" aria-label=\"Ouvrir l\u2019image 13 sur 16 en plein \u00e9cran\"\/><\/figure><\/div><\/div><div class=\"tiled-gallery__row\"><div class=\"tiled-gallery__col\" style=\"flex-basis:26.15502%\"><figure class=\"tiled-gallery__item\"><img decoding=\"async\" srcset=\"https:\/\/i0.wp.com\/lebulbeaplumes.art\/wp-content\/uploads\/2023\/05\/IMG_20230514_151630-768x1024.jpg?strip=info&#038;w=600&#038;ssl=1 600w,https:\/\/i0.wp.com\/lebulbeaplumes.art\/wp-content\/uploads\/2023\/05\/IMG_20230514_151630-768x1024.jpg?strip=info&#038;w=900&#038;ssl=1 900w,https:\/\/i0.wp.com\/lebulbeaplumes.art\/wp-content\/uploads\/2023\/05\/IMG_20230514_151630-768x1024.jpg?strip=info&#038;w=1200&#038;ssl=1 1200w,https:\/\/i0.wp.com\/lebulbeaplumes.art\/wp-content\/uploads\/2023\/05\/IMG_20230514_151630-768x1024.jpg?strip=info&#038;w=1500&#038;ssl=1 1500w,https:\/\/i0.wp.com\/lebulbeaplumes.art\/wp-content\/uploads\/2023\/05\/IMG_20230514_151630-768x1024.jpg?strip=info&#038;w=1536&#038;ssl=1 1536w\" alt=\"Le Bulbe \u00e0 Plumes - cAro - Les Vitrines qui Parlent Ambert 2023 - Exposition - Livre magique\" data-height=\"2048\" data-id=\"1792\" data-link=\"https:\/\/lebulbeaplumes.art\/index.php\/2023\/05\/19\/les-vitrines-qui-parlent-2023\/img_20230514_151630\/\" data-url=\"https:\/\/lebulbeaplumes.art\/wp-content\/uploads\/2023\/05\/IMG_20230514_151630-768x1024.jpg\" data-width=\"1536\" src=\"https:\/\/i0.wp.com\/lebulbeaplumes.art\/wp-content\/uploads\/2023\/05\/IMG_20230514_151630-768x1024.jpg?ssl=1\" data-amp-layout=\"responsive\" tabindex=\"0\" role=\"button\" aria-label=\"Ouvrir l\u2019image 14 sur 16 en plein \u00e9cran\"\/><\/figure><\/div><div class=\"tiled-gallery__col\" style=\"flex-basis:49.19368%\"><figure class=\"tiled-gallery__item\"><img decoding=\"async\" srcset=\"https:\/\/i0.wp.com\/lebulbeaplumes.art\/wp-content\/uploads\/2023\/05\/Programme-2-en-continu-1024x725.jpg?strip=info&#038;w=600&#038;ssl=1 600w,https:\/\/i0.wp.com\/lebulbeaplumes.art\/wp-content\/uploads\/2023\/05\/Programme-2-en-continu-1024x725.jpg?strip=info&#038;w=900&#038;ssl=1 900w,https:\/\/i0.wp.com\/lebulbeaplumes.art\/wp-content\/uploads\/2023\/05\/Programme-2-en-continu-1024x725.jpg?strip=info&#038;w=1200&#038;ssl=1 1200w,https:\/\/i0.wp.com\/lebulbeaplumes.art\/wp-content\/uploads\/2023\/05\/Programme-2-en-continu-1024x725.jpg?strip=info&#038;w=1500&#038;ssl=1 1500w,https:\/\/i0.wp.com\/lebulbeaplumes.art\/wp-content\/uploads\/2023\/05\/Programme-2-en-continu-1024x725.jpg?strip=info&#038;w=1800&#038;ssl=1 1800w,https:\/\/i0.wp.com\/lebulbeaplumes.art\/wp-content\/uploads\/2023\/05\/Programme-2-en-continu-1024x725.jpg?strip=info&#038;w=2000&#038;ssl=1 2000w\" alt=\"Les Vitrines qui Parlent Ambert 2023 - Exposition - Le Bief\" data-height=\"1811\" data-id=\"1795\" data-link=\"https:\/\/lebulbeaplumes.art\/index.php\/2023\/05\/19\/les-vitrines-qui-parlent-2023\/programme-2-en-continu\/\" data-url=\"https:\/\/lebulbeaplumes.art\/wp-content\/uploads\/2023\/05\/Programme-2-en-continu-1024x725.jpg\" data-width=\"2560\" src=\"https:\/\/i0.wp.com\/lebulbeaplumes.art\/wp-content\/uploads\/2023\/05\/Programme-2-en-continu-1024x725.jpg?ssl=1\" data-amp-layout=\"responsive\" tabindex=\"0\" role=\"button\" aria-label=\"Ouvrir l\u2019image 15 sur 16 en plein \u00e9cran\"\/><\/figure><\/div><div class=\"tiled-gallery__col\" style=\"flex-basis:24.65130%\"><figure class=\"tiled-gallery__item\"><img decoding=\"async\" srcset=\"https:\/\/i0.wp.com\/lebulbeaplumes.art\/wp-content\/uploads\/2023\/05\/Programme-3-heure-fixes-724x1024.jpg?strip=info&#038;w=600&#038;ssl=1 600w,https:\/\/i0.wp.com\/lebulbeaplumes.art\/wp-content\/uploads\/2023\/05\/Programme-3-heure-fixes-724x1024.jpg?strip=info&#038;w=900&#038;ssl=1 900w,https:\/\/i0.wp.com\/lebulbeaplumes.art\/wp-content\/uploads\/2023\/05\/Programme-3-heure-fixes-724x1024.jpg?strip=info&#038;w=1200&#038;ssl=1 1200w,https:\/\/i0.wp.com\/lebulbeaplumes.art\/wp-content\/uploads\/2023\/05\/Programme-3-heure-fixes-724x1024.jpg?strip=info&#038;w=1500&#038;ssl=1 1500w,https:\/\/i0.wp.com\/lebulbeaplumes.art\/wp-content\/uploads\/2023\/05\/Programme-3-heure-fixes-724x1024.jpg?strip=info&#038;w=1754&#038;ssl=1 1754w\" alt=\"Les Vitrines qui Parlent Ambert 2023 - Exposition - Le Bief\" data-height=\"2482\" data-id=\"1796\" data-link=\"https:\/\/lebulbeaplumes.art\/index.php\/2023\/05\/19\/les-vitrines-qui-parlent-2023\/programme-3-heure-fixes\/\" data-url=\"https:\/\/lebulbeaplumes.art\/wp-content\/uploads\/2023\/05\/Programme-3-heure-fixes-724x1024.jpg\" data-width=\"1754\" src=\"https:\/\/i0.wp.com\/lebulbeaplumes.art\/wp-content\/uploads\/2023\/05\/Programme-3-heure-fixes-724x1024.jpg?ssl=1\" data-amp-layout=\"responsive\" tabindex=\"0\" role=\"button\" aria-label=\"Ouvrir l\u2019image 16 sur 16 en plein \u00e9cran\"\/><\/figure><\/div><\/div><\/div><\/div><\/div>\n\n\n\n<p><\/p>\n\n\n\n<p>Merci \u00e0 toutes et tous pour ce superbe et riche week-end, plein de belles rencontres !<\/p>\n\n\n\n<p>J\u2019aurai bien investi ce local plus longtemps \ud83d\ude09 mais j&rsquo;ai du le rendre dimanche soir\u2026 Il ne restera pas vide longtemps : tr\u00e8s bient\u00f4t, cette boutique deviendra un magasin de jeu de soci\u00e9t\u00e9.<\/p>\n\n\n\n<p>En tout cas, cela m\u2019a confort\u00e9 dans mon besoin de trouver un atelier que je puisse ouvrir au public, de refaire des expositions et spectacles pour rencontrer du monde et de trouver des lieux o\u00f9 exposer mes cr\u00e9ations et les rendre disponibles. Alors, si vous avez des adresses, merci de me les envoyer ! \ud83d\ude09<\/p>\n\n\n\n<p><\/p>\n","protected":false},"excerpt":{"rendered":"<p>Du 12 au 14 mai 2023, j\u2019ai eu la joie de participer aux Vitrines qui Parlent, organis\u00e9es \u00e0 Ambert par le Bief qui a fait un superbe travail, surtout vu le peu de moyens dont ils disposaient.Petit bilan et photos souvenirs&nbsp;!<\/p>\n","protected":false},"author":1,"featured_media":1790,"comment_status":"closed","ping_status":"closed","sticky":false,"template":"","format":"standard","meta":{"jetpack_post_was_ever_published":false,"_jetpack_newsletter_access":"","_jetpack_dont_email_post_to_subs":false,"_jetpack_newsletter_tier_id":0,"_jetpack_memberships_contains_paywalled_content":false,"_jetpack_memberships_contains_paid_content":false,"footnotes":""},"categories":[59],"tags":[92,29,28,93,91],"class_list":["post-1762","post","type-post","status-publish","format-standard","has-post-thumbnail","hentry","category-blog","tag-ambert","tag-exposition","tag-illustration","tag-les-vitrines-qui-parlent","tag-papier"],"jetpack_featured_media_url":"https:\/\/lebulbeaplumes.art\/wp-content\/uploads\/2023\/05\/IMG_20230514_151553-1.jpg","jetpack_sharing_enabled":true,"_links":{"self":[{"href":"https:\/\/lebulbeaplumes.art\/index.php\/wp-json\/wp\/v2\/posts\/1762","targetHints":{"allow":["GET"]}}],"collection":[{"href":"https:\/\/lebulbeaplumes.art\/index.php\/wp-json\/wp\/v2\/posts"}],"about":[{"href":"https:\/\/lebulbeaplumes.art\/index.php\/wp-json\/wp\/v2\/types\/post"}],"author":[{"embeddable":true,"href":"https:\/\/lebulbeaplumes.art\/index.php\/wp-json\/wp\/v2\/users\/1"}],"replies":[{"embeddable":true,"href":"https:\/\/lebulbeaplumes.art\/index.php\/wp-json\/wp\/v2\/comments?post=1762"}],"version-history":[{"count":5,"href":"https:\/\/lebulbeaplumes.art\/index.php\/wp-json\/wp\/v2\/posts\/1762\/revisions"}],"predecessor-version":[{"id":4896,"href":"https:\/\/lebulbeaplumes.art\/index.php\/wp-json\/wp\/v2\/posts\/1762\/revisions\/4896"}],"wp:featuredmedia":[{"embeddable":true,"href":"https:\/\/lebulbeaplumes.art\/index.php\/wp-json\/wp\/v2\/media\/1790"}],"wp:attachment":[{"href":"https:\/\/lebulbeaplumes.art\/index.php\/wp-json\/wp\/v2\/media?parent=1762"}],"wp:term":[{"taxonomy":"category","embeddable":true,"href":"https:\/\/lebulbeaplumes.art\/index.php\/wp-json\/wp\/v2\/categories?post=1762"},{"taxonomy":"post_tag","embeddable":true,"href":"https:\/\/lebulbeaplumes.art\/index.php\/wp-json\/wp\/v2\/tags?post=1762"}],"curies":[{"name":"wp","href":"https:\/\/api.w.org\/{rel}","templated":true}]}}