{"id":141,"date":"2019-09-11T22:17:00","date_gmt":"2019-09-11T20:17:00","guid":{"rendered":"https:\/\/lebulbeaplumes.art\/?p=141"},"modified":"2021-09-24T20:15:13","modified_gmt":"2021-09-24T18:15:13","slug":"interview-sur-radio-plus","status":"publish","type":"post","link":"https:\/\/lebulbeaplumes.art\/index.php\/2019\/09\/11\/interview-sur-radio-plus\/","title":{"rendered":"Interview sur Radio Plus"},"content":{"rendered":"\n<p>Mercredi 11 septembre 2019, j\u2019ai \u00e9t\u00e9 invit\u00e9e \u00e0 l\u2019\u00e9mission \u00ab\u00a0Les mains se livrent\u00a0\u00bb anim\u00e9e par Christophe Sueur sur Radio Plus \u00e0 Douvrin (104.3FM \u2013 <a rel=\"noreferrer noopener\" href=\"http:\/\/www.radioplus.fr\" target=\"_blank\">www.radioplus.fr<\/a>).<\/p>\n\n\n\n<!--more-->\n\n\n\n<div class=\"wp-block-image\"><figure class=\"aligncenter size-full\"><img loading=\"lazy\" decoding=\"async\" width=\"1418\" height=\"1458\" src=\"https:\/\/lebulbeaplumes.art\/wp-content\/uploads\/2021\/09\/Emission_Net.jpg\" alt=\"\" class=\"wp-image-142\" srcset=\"https:\/\/lebulbeaplumes.art\/wp-content\/uploads\/2021\/09\/Emission_Net.jpg 1418w, https:\/\/lebulbeaplumes.art\/wp-content\/uploads\/2021\/09\/Emission_Net-300x308.jpg 300w, https:\/\/lebulbeaplumes.art\/wp-content\/uploads\/2021\/09\/Emission_Net-292x300.jpg 292w, https:\/\/lebulbeaplumes.art\/wp-content\/uploads\/2021\/09\/Emission_Net-996x1024.jpg 996w, https:\/\/lebulbeaplumes.art\/wp-content\/uploads\/2021\/09\/Emission_Net-768x790.jpg 768w, https:\/\/lebulbeaplumes.art\/wp-content\/uploads\/2021\/09\/Emission_Net-58x60.jpg 58w, https:\/\/lebulbeaplumes.art\/wp-content\/uploads\/2021\/09\/Emission_Net-1320x1357.jpg 1320w, https:\/\/lebulbeaplumes.art\/wp-content\/uploads\/2021\/09\/Emission_Net-600x617.jpg 600w\" sizes=\"auto, (max-width: 1418px) 100vw, 1418px\" \/><\/figure><\/div>\n\n\n\n<p>J\u2019y ai cont\u00e9 l\u2019histoire du \u00ab&nbsp;Capuchon Rouge&nbsp;\u00bb, puis j\u2019ai r\u00e9pondu \u00e0 une petite interview avant d\u2019\u00e9couter la chronique \u00ab&nbsp;z\u00e9ro d\u00e9chet&nbsp;\u00bb anim\u00e9e par Camille Plard et l\u2019interview de Sarah Bourgois, fondatrice de Refabmarket, une marque de mode bas\u00e9e sur le recyclage.<\/p>\n\n\n\n<p>A r\u00e9\u00e9couter ici :<\/p>\n\n\n\n<iframe loading=\"lazy\" width=\"100%\" height=\"300\" scrolling=\"no\" frameborder=\"no\" allow=\"autoplay\" src=\"https:\/\/w.soundcloud.com\/player\/?url=https%3A\/\/api.soundcloud.com\/tracks\/682795503&#038;color=%23ff5500&#038;auto_play=false&#038;hide_related=false&#038;show_comments=true&#038;show_user=true&#038;show_reposts=false&#038;show_teaser=true&#038;visual=true\"><\/iframe><div style=\"font-size: 10px; color: #cccccc;line-break: anywhere;word-break: normal;overflow: hidden;white-space: nowrap;text-overflow: ellipsis; font-family: Interstate,Lucida Grande,Lucida Sans Unicode,Lucida Sans,Garuda,Verdana,Tahoma,sans-serif;font-weight: 100;\"><a href=\"https:\/\/soundcloud.com\/radioplusfm\" title=\"RADIO PLUS\" target=\"_blank\" style=\"color: #cccccc; text-decoration: none;\" rel=\"noopener\">RADIO PLUS<\/a> \u00b7 <a href=\"https:\/\/soundcloud.com\/radioplusfm\/les-mains-se-livrent-11-septembre-2019\" title=\"Les Mains se livrent - 11 septembre 2019\" target=\"_blank\" style=\"color: #cccccc; text-decoration: none;\" rel=\"noopener\">Les Mains se livrent &#8211; 11 septembre 2019<\/a><\/div>\n","protected":false},"excerpt":{"rendered":"<p>Mercredi 11 septembre 2019, j\u2019ai \u00e9t\u00e9 invit\u00e9e \u00e0 l\u2019\u00e9mission \u00ab\u00a0Les mains se livrent\u00a0\u00bb anim\u00e9e par Christophe Sueur sur Radio Plus \u00e0 Douvrin (104.3FM \u2013 www.radioplus.fr).<\/p>\n","protected":false},"author":1,"featured_media":143,"comment_status":"closed","ping_status":"closed","sticky":false,"template":"","format":"standard","meta":{"jetpack_post_was_ever_published":false,"_jetpack_newsletter_access":"","_jetpack_dont_email_post_to_subs":false,"_jetpack_newsletter_tier_id":0,"_jetpack_memberships_contains_paywalled_content":false,"_jetpack_memberships_contains_paid_content":false,"footnotes":""},"categories":[6],"tags":[26,27],"class_list":["post-141","post","type-post","status-publish","format-standard","has-post-thumbnail","hentry","category-ils-en-parlent","tag-conte","tag-interview"],"jetpack_featured_media_url":"https:\/\/lebulbeaplumes.art\/wp-content\/uploads\/2021\/09\/Rplus_11sept2019_OK_Ouverture.jpg","jetpack_sharing_enabled":true,"_links":{"self":[{"href":"https:\/\/lebulbeaplumes.art\/index.php\/wp-json\/wp\/v2\/posts\/141","targetHints":{"allow":["GET"]}}],"collection":[{"href":"https:\/\/lebulbeaplumes.art\/index.php\/wp-json\/wp\/v2\/posts"}],"about":[{"href":"https:\/\/lebulbeaplumes.art\/index.php\/wp-json\/wp\/v2\/types\/post"}],"author":[{"embeddable":true,"href":"https:\/\/lebulbeaplumes.art\/index.php\/wp-json\/wp\/v2\/users\/1"}],"replies":[{"embeddable":true,"href":"https:\/\/lebulbeaplumes.art\/index.php\/wp-json\/wp\/v2\/comments?post=141"}],"version-history":[{"count":1,"href":"https:\/\/lebulbeaplumes.art\/index.php\/wp-json\/wp\/v2\/posts\/141\/revisions"}],"predecessor-version":[{"id":144,"href":"https:\/\/lebulbeaplumes.art\/index.php\/wp-json\/wp\/v2\/posts\/141\/revisions\/144"}],"wp:featuredmedia":[{"embeddable":true,"href":"https:\/\/lebulbeaplumes.art\/index.php\/wp-json\/wp\/v2\/media\/143"}],"wp:attachment":[{"href":"https:\/\/lebulbeaplumes.art\/index.php\/wp-json\/wp\/v2\/media?parent=141"}],"wp:term":[{"taxonomy":"category","embeddable":true,"href":"https:\/\/lebulbeaplumes.art\/index.php\/wp-json\/wp\/v2\/categories?post=141"},{"taxonomy":"post_tag","embeddable":true,"href":"https:\/\/lebulbeaplumes.art\/index.php\/wp-json\/wp\/v2\/tags?post=141"}],"curies":[{"name":"wp","href":"https:\/\/api.w.org\/{rel}","templated":true}]}}